{"id":144,"count":10,"description":"<strong>Temporada<\/strong>: febrero y marzo\r\n\r\n<strong>Caracter\u00edsticas:<\/strong>\r\nVariedad de <strong>maduraci\u00f3n intermedia<\/strong>, tiene mucho zumo y de muy buena calidad de tama\u00f1o mediano. Rendimiento irregular del \u00e1rbol, <strong>sin semillas<\/strong>, posee un <strong>jugo de muy buena calidad<\/strong>. Por su dificultad de producci\u00f3n su cultivo no se ha extendido.\r\nSu recolecci\u00f3n comienza en marzo hasta abril.\r\nEsta variedad fue descubierta por un vecino de Alcanar.","link":"https:\/\/www.naranjasdealcanar.com\/es\/categoria\/naranjas\/naranja-navelate\/","name":"Naranja Navelate","slug":"naranja-navelate","taxonomy":"product_cat","parent":18,"meta":[],"menu_order":10,"yoast_head":"<!-- This site is optimized with the Yoast SEO plugin v27.5 - https:\/\/yoast.com\/product\/yoast-seo-wordpress\/ -->\n<title>Naranja Navelate archivos - Naranjas de Alcanar<\/title>\n<meta name=\"robots\" content=\"index, follow, max-snippet:-1, max-image-preview:large, max-video-preview:-1\" \/>\n<link rel=\"canonical\" href=\"https:\/\/www.naranjasdealcanar.com\/es\/categoria\/naranjas\/naranja-navelate\/\" \/>\n<meta property=\"og:locale\" content=\"es_ES\" \/>\n<meta property=\"og:type\" content=\"article\" \/>\n<meta property=\"og:title\" content=\"Naranja Navelate archivos - Naranjas de Alcanar\" \/>\n<meta property=\"og:description\" content=\"Temporada: febrero y marzo Caracter\u00edsticas: Variedad de maduraci\u00f3n intermedia, tiene mucho zumo y de muy buena calidad de tama\u00f1o mediano. Rendimiento irregular del \u00e1rbol, sin semillas, posee un jugo de muy buena calidad. Por su dificultad de producci\u00f3n su cultivo no se ha extendido. Su recolecci\u00f3n comienza en marzo hasta abril. Esta variedad fue descubierta por un vecino de Alcanar.\" \/>\n<meta property=\"og:url\" content=\"https:\/\/www.naranjasdealcanar.com\/es\/categoria\/naranjas\/naranja-navelate\/\" \/>\n<meta property=\"og:site_name\" content=\"Naranjas de Alcanar\" \/>\n<meta name=\"twitter:card\" content=\"summary_large_image\" \/>\n<script type=\"application\/ld+json\" class=\"yoast-schema-graph\">{\"@context\":\"https:\\\/\\\/schema.org\",\"@graph\":[{\"@type\":\"CollectionPage\",\"@id\":\"https:\\\/\\\/www.naranjasdealcanar.com\\\/es\\\/categoria\\\/naranjas\\\/naranja-navelate\\\/\",\"url\":\"https:\\\/\\\/www.naranjasdealcanar.com\\\/es\\\/categoria\\\/naranjas\\\/naranja-navelate\\\/\",\"name\":\"Naranja Navelate archivos - Naranjas de Alcanar\",\"isPartOf\":{\"@id\":\"https:\\\/\\\/www.naranjasdealcanar.com\\\/#website\"},\"breadcrumb\":{\"@id\":\"https:\\\/\\\/www.naranjasdealcanar.com\\\/es\\\/categoria\\\/naranjas\\\/naranja-navelate\\\/#breadcrumb\"},\"inLanguage\":\"es\"},{\"@type\":\"BreadcrumbList\",\"@id\":\"https:\\\/\\\/www.naranjasdealcanar.com\\\/es\\\/categoria\\\/naranjas\\\/naranja-navelate\\\/#breadcrumb\",\"itemListElement\":[{\"@type\":\"ListItem\",\"position\":1,\"name\":\"Portada\",\"item\":\"https:\\\/\\\/www.naranjasdealcanar.com\\\/\"},{\"@type\":\"ListItem\",\"position\":2,\"name\":\"Naranjas\",\"item\":\"https:\\\/\\\/www.naranjasdealcanar.com\\\/es\\\/categoria\\\/naranjas\\\/\"},{\"@type\":\"ListItem\",\"position\":3,\"name\":\"Naranja Navelate\"}]},{\"@type\":\"WebSite\",\"@id\":\"https:\\\/\\\/www.naranjasdealcanar.com\\\/#website\",\"url\":\"https:\\\/\\\/www.naranjasdealcanar.com\\\/\",\"name\":\"Naranjas de Alcanar\",\"description\":\"Comprar naranjas y mandarinas clementinas naturales, frescas y de calidad. Naranjas de Alcanar. C\u00edtricos y fruta fresca de Alcanar. Del \u00e1rbol a casa en 24 h.\",\"publisher\":{\"@id\":\"https:\\\/\\\/www.naranjasdealcanar.com\\\/#organization\"},\"potentialAction\":[{\"@type\":\"SearchAction\",\"target\":{\"@type\":\"EntryPoint\",\"urlTemplate\":\"https:\\\/\\\/www.naranjasdealcanar.com\\\/?s={search_term_string}\"},\"query-input\":{\"@type\":\"PropertyValueSpecification\",\"valueRequired\":true,\"valueName\":\"search_term_string\"}}],\"inLanguage\":\"es\"},{\"@type\":\"Organization\",\"@id\":\"https:\\\/\\\/www.naranjasdealcanar.com\\\/#organization\",\"name\":\"Naranjas de Alcanar\",\"url\":\"https:\\\/\\\/www.naranjasdealcanar.com\\\/\",\"logo\":{\"@type\":\"ImageObject\",\"inLanguage\":\"es\",\"@id\":\"https:\\\/\\\/www.naranjasdealcanar.com\\\/#\\\/schema\\\/logo\\\/image\\\/\",\"url\":\"https:\\\/\\\/www.naranjasdealcanar.com\\\/wp-content\\\/uploads\\\/2022\\\/11\\\/cropped-logo-pestanya.png\",\"contentUrl\":\"https:\\\/\\\/www.naranjasdealcanar.com\\\/wp-content\\\/uploads\\\/2022\\\/11\\\/cropped-logo-pestanya.png\",\"width\":512,\"height\":512,\"caption\":\"Naranjas de Alcanar\"},\"image\":{\"@id\":\"https:\\\/\\\/www.naranjasdealcanar.com\\\/#\\\/schema\\\/logo\\\/image\\\/\"},\"sameAs\":[\"https:\\\/\\\/www.instagram.com\\\/naranjasdealcanar\\\/\",\"https:\\\/\\\/www.linkedin.com\\\/company\\\/naranjas-de-alcanar\\\/\"]}]}<\/script>\n<!-- \/ Yoast SEO plugin. -->","yoast_head_json":{"title":"Naranja Navelate archivos - Naranjas de Alcanar","robots":{"index":"index","follow":"follow","max-snippet":"max-snippet:-1","max-image-preview":"max-image-preview:large","max-video-preview":"max-video-preview:-1"},"canonical":"https:\/\/www.naranjasdealcanar.com\/es\/categoria\/naranjas\/naranja-navelate\/","og_locale":"es_ES","og_type":"article","og_title":"Naranja Navelate archivos - Naranjas de Alcanar","og_description":"Temporada: febrero y marzo Caracter\u00edsticas: Variedad de maduraci\u00f3n intermedia, tiene mucho zumo y de muy buena calidad de tama\u00f1o mediano. Rendimiento irregular del \u00e1rbol, sin semillas, posee un jugo de muy buena calidad. Por su dificultad de producci\u00f3n su cultivo no se ha extendido. Su recolecci\u00f3n comienza en marzo hasta abril. Esta variedad fue descubierta por un vecino de Alcanar.","og_url":"https:\/\/www.naranjasdealcanar.com\/es\/categoria\/naranjas\/naranja-navelate\/","og_site_name":"Naranjas de Alcanar","twitter_card":"summary_large_image","schema":{"@context":"https:\/\/schema.org","@graph":[{"@type":"CollectionPage","@id":"https:\/\/www.naranjasdealcanar.com\/es\/categoria\/naranjas\/naranja-navelate\/","url":"https:\/\/www.naranjasdealcanar.com\/es\/categoria\/naranjas\/naranja-navelate\/","name":"Naranja Navelate archivos - Naranjas de Alcanar","isPartOf":{"@id":"https:\/\/www.naranjasdealcanar.com\/#website"},"breadcrumb":{"@id":"https:\/\/www.naranjasdealcanar.com\/es\/categoria\/naranjas\/naranja-navelate\/#breadcrumb"},"inLanguage":"es"},{"@type":"BreadcrumbList","@id":"https:\/\/www.naranjasdealcanar.com\/es\/categoria\/naranjas\/naranja-navelate\/#breadcrumb","itemListElement":[{"@type":"ListItem","position":1,"name":"Portada","item":"https:\/\/www.naranjasdealcanar.com\/"},{"@type":"ListItem","position":2,"name":"Naranjas","item":"https:\/\/www.naranjasdealcanar.com\/es\/categoria\/naranjas\/"},{"@type":"ListItem","position":3,"name":"Naranja Navelate"}]},{"@type":"WebSite","@id":"https:\/\/www.naranjasdealcanar.com\/#website","url":"https:\/\/www.naranjasdealcanar.com\/","name":"Naranjas de Alcanar","description":"Comprar naranjas y mandarinas clementinas naturales, frescas y de calidad. Naranjas de Alcanar. C\u00edtricos y fruta fresca de Alcanar. Del \u00e1rbol a casa en 24 h.","publisher":{"@id":"https:\/\/www.naranjasdealcanar.com\/#organization"},"potentialAction":[{"@type":"SearchAction","target":{"@type":"EntryPoint","urlTemplate":"https:\/\/www.naranjasdealcanar.com\/?s={search_term_string}"},"query-input":{"@type":"PropertyValueSpecification","valueRequired":true,"valueName":"search_term_string"}}],"inLanguage":"es"},{"@type":"Organization","@id":"https:\/\/www.naranjasdealcanar.com\/#organization","name":"Naranjas de Alcanar","url":"https:\/\/www.naranjasdealcanar.com\/","logo":{"@type":"ImageObject","inLanguage":"es","@id":"https:\/\/www.naranjasdealcanar.com\/#\/schema\/logo\/image\/","url":"https:\/\/www.naranjasdealcanar.com\/wp-content\/uploads\/2022\/11\/cropped-logo-pestanya.png","contentUrl":"https:\/\/www.naranjasdealcanar.com\/wp-content\/uploads\/2022\/11\/cropped-logo-pestanya.png","width":512,"height":512,"caption":"Naranjas de Alcanar"},"image":{"@id":"https:\/\/www.naranjasdealcanar.com\/#\/schema\/logo\/image\/"},"sameAs":["https:\/\/www.instagram.com\/naranjasdealcanar\/","https:\/\/www.linkedin.com\/company\/naranjas-de-alcanar\/"]}]}},"_links":{"self":[{"href":"https:\/\/www.naranjasdealcanar.com\/es\/wp-json\/wp\/v2\/product_cat\/144","targetHints":{"allow":["GET"]}}],"collection":[{"href":"https:\/\/www.naranjasdealcanar.com\/es\/wp-json\/wp\/v2\/product_cat"}],"about":[{"href":"https:\/\/www.naranjasdealcanar.com\/es\/wp-json\/wp\/v2\/taxonomies\/product_cat"}],"up":[{"embeddable":true,"href":"https:\/\/www.naranjasdealcanar.com\/es\/wp-json\/wp\/v2\/product_cat\/18"}],"wp:post_type":[{"href":"https:\/\/www.naranjasdealcanar.com\/es\/wp-json\/wp\/v2\/product?product_cat=144"}],"curies":[{"name":"wp","href":"https:\/\/api.w.org\/{rel}","templated":true}]}}